{"id":160,"date":"2024-02-14T09:50:00","date_gmt":"2024-02-14T14:50:00","guid":{"rendered":"https:\/\/editorialcielo.com.co\/?p=160"},"modified":"2024-02-14T09:59:39","modified_gmt":"2024-02-14T14:59:39","slug":"documento-tecnico-politica-publica-educativa-para-norte-de-santander-nuevo-modelo-educativo-con-vision-2050-por-una-region-educadora","status":"publish","type":"post","link":"https:\/\/editorialcielo.com.co\/?p=160","title":{"rendered":"Documento T\u00e9cnico. Pol\u00edtica P\u00fablica Educativa para Norte de Santander. Nuevo modelo educativo con visi\u00f3n 2050. Por una Regi\u00f3n Educadora"},"content":{"rendered":"\n<p class=\"has-text-align-center\"><strong>Autores<\/strong><\/p>\n\n\n\n<p class=\"has-text-align-center\"><strong>Juan Diego Hern\u00e1ndez Albarrac\u00edn<br>Liliana Vergel Canal<br>Mar\u00eda Daniela Ram\u00edrez Lindarte<br>Karen Marbeny D\u00edaz Garc\u00eda<br>Angie Vanessa P\u00e9rez Ni\u00f1o<\/strong><\/p>\n\n\n\n<div data-wp-interactive=\"core\/file\" class=\"wp-block-file\"><object data-wp-bind--hidden=\"!state.hasPdfPreview\" hidden class=\"wp-block-file__embed\" data=\"https:\/\/editorialcielo.com.co\/wp-content\/uploads\/2024\/02\/Libro-Documento-tecnico.pdf\" type=\"application\/pdf\" style=\"width:100%;height:600px\" aria-label=\"Incrustado de Documento T\u00e9cnico. Pol\u00edtica P\u00fablica Educativa para Norte de Santander. Nuevo modelo educativo con visi\u00f3n 2050. Por una Regi\u00f3n Educadora.\"><\/object><a id=\"wp-block-file--media-f120bf9a-e408-4eda-80f9-cafa121fbaa1\" href=\"https:\/\/editorialcielo.com.co\/wp-content\/uploads\/2024\/02\/Libro-Documento-tecnico.pdf\">Documento T\u00e9cnico. Pol\u00edtica P\u00fablica Educativa para Norte de Santander. Nuevo modelo educativo con visi\u00f3n 2050. Por una Regi\u00f3n Educadora<\/a><a href=\"https:\/\/editorialcielo.com.co\/wp-content\/uploads\/2024\/02\/Libro-Documento-tecnico.pdf\" class=\"wp-block-file__button wp-element-button\" download aria-describedby=\"wp-block-file--media-f120bf9a-e408-4eda-80f9-cafa121fbaa1\">Descarga<\/a><\/div>\n\n\n\n<blockquote class=\"wp-block-quote is-layout-flow wp-block-quote-is-layout-flow\">\n<p><strong>C\u00f3mo citar este producto<\/strong><br>Gobernaci\u00f3n de Norte de Santander. (2023). Documento T\u00e9cnico. Pol\u00edtica P\u00fablica Educativa<br>para Norte de Santander. Nuevo modelo educativo con visi\u00f3n 2050. Por una Regi\u00f3n<br>Educadora. (1\u00aa Ed.). Editorial Cielo. www.editorialcielo.com.co<\/p>\n<\/blockquote>\n","protected":false},"excerpt":{"rendered":"<p>Autores Juan Diego Hern\u00e1ndez Albarrac\u00ednLiliana Vergel CanalMar\u00eda Daniela Ram\u00edrez LindarteKaren Marbeny D\u00edaz Garc\u00edaAngie Vanessa P\u00e9rez Ni\u00f1o C\u00f3mo citar este productoGobernaci\u00f3n de Norte de Santander. (2023). Documento T\u00e9cnico. Pol\u00edtica P\u00fablica Educativapara Norte de Santander. Nuevo modelo educativo con visi\u00f3n 2050. Por una Regi\u00f3nEducadora. (1\u00aa Ed.). Editorial Cielo. www.editorialcielo.com.co<\/p>\n","protected":false},"author":1,"featured_media":0,"comment_status":"open","ping_status":"open","sticky":false,"template":"","format":"standard","meta":{"footnotes":""},"categories":[1],"tags":[],"class_list":["post-160","post","type-post","status-publish","format-standard","hentry","category-blog"],"_links":{"self":[{"href":"https:\/\/editorialcielo.com.co\/index.php?rest_route=\/wp\/v2\/posts\/160","targetHints":{"allow":["GET"]}}],"collection":[{"href":"https:\/\/editorialcielo.com.co\/index.php?rest_route=\/wp\/v2\/posts"}],"about":[{"href":"https:\/\/editorialcielo.com.co\/index.php?rest_route=\/wp\/v2\/types\/post"}],"author":[{"embeddable":true,"href":"https:\/\/editorialcielo.com.co\/index.php?rest_route=\/wp\/v2\/users\/1"}],"replies":[{"embeddable":true,"href":"https:\/\/editorialcielo.com.co\/index.php?rest_route=%2Fwp%2Fv2%2Fcomments&post=160"}],"version-history":[{"count":1,"href":"https:\/\/editorialcielo.com.co\/index.php?rest_route=\/wp\/v2\/posts\/160\/revisions"}],"predecessor-version":[{"id":161,"href":"https:\/\/editorialcielo.com.co\/index.php?rest_route=\/wp\/v2\/posts\/160\/revisions\/161"}],"wp:attachment":[{"href":"https:\/\/editorialcielo.com.co\/index.php?rest_route=%2Fwp%2Fv2%2Fmedia&parent=160"}],"wp:term":[{"taxonomy":"category","embeddable":true,"href":"https:\/\/editorialcielo.com.co\/index.php?rest_route=%2Fwp%2Fv2%2Fcategories&post=160"},{"taxonomy":"post_tag","embeddable":true,"href":"https:\/\/editorialcielo.com.co\/index.php?rest_route=%2Fwp%2Fv2%2Ftags&post=160"}],"curies":[{"name":"wp","href":"https:\/\/api.w.org\/{rel}","templated":true}]}}